{"id":669,"date":"2021-11-17T21:38:30","date_gmt":"2021-11-17T20:38:30","guid":{"rendered":"https:\/\/lactex.pl\/?p=669"},"modified":"2023-10-17T22:02:12","modified_gmt":"2023-10-17T20:02:12","slug":"gulfood-manufacturing-2021-dubai","status":"publish","type":"post","link":"https:\/\/lactex.pl\/en\/gulfood-manufacturing-2021-dubai\/","title":{"rendered":"GULFOOD MANUFACTURING 2021, DUBAI"},"content":{"rendered":"<p>W dniach 7-9 listopada po raz kolejny uczestniczyli\u015bmy w najwi\u0119kszych targach food &amp; beverage<\/p>\n\n\n\n<p>GULFOOD MANUFACTURING 2021, Dubaj.<\/p>\n\n\n\n<p>Targi te by\u0142y okazj\u0105 do spotkania si\u0119 z naszymi partnerami biznesowymi oraz nawi\u0105zania nowych kontakt\u00f3w handlowych. Nasze stoisko cieszy\u0142o si\u0119 wyj\u0105tkowo du\u017cym zainteresowaniem.<\/p>\n\n\n\n<p>Dzi\u0119kujemy!<\/p>","protected":false},"excerpt":{"rendered":"<p>W dniach 7-9 listopada po raz kolejny uczestniczyli\u015bmy w najwi\u0119kszych targach food &amp; beverage GULFOOD MANUFACTURING 2021, Dubaj. Targi te by\u0142y okazj\u0105 do spotkania si\u0119 z naszymi partnerami biznesowymi oraz nawi\u0105zania nowych kontakt\u00f3w handlowych. Nasze stoisko cieszy\u0142o si\u0119 wyj\u0105tkowo du\u017cym zainteresowaniem. Dzi\u0119kujemy!<\/p>","protected":false},"author":1,"featured_media":670,"comment_status":"closed","ping_status":"closed","sticky":false,"template":"","format":"standard","meta":{"_eb_attr":"","neve_meta_sidebar":"","neve_meta_container":"","neve_meta_enable_content_width":"","neve_meta_content_width":0,"neve_meta_title_alignment":"","neve_meta_author_avatar":"","neve_post_elements_order":"","neve_meta_disable_header":"","neve_meta_disable_footer":"","neve_meta_disable_title":"","footnotes":""},"categories":[1],"tags":[],"class_list":["post-669","post","type-post","status-publish","format-standard","has-post-thumbnail","hentry","category-bez-kategorii"],"_links":{"self":[{"href":"https:\/\/lactex.pl\/en\/wp-json\/wp\/v2\/posts\/669","targetHints":{"allow":["GET"]}}],"collection":[{"href":"https:\/\/lactex.pl\/en\/wp-json\/wp\/v2\/posts"}],"about":[{"href":"https:\/\/lactex.pl\/en\/wp-json\/wp\/v2\/types\/post"}],"author":[{"embeddable":true,"href":"https:\/\/lactex.pl\/en\/wp-json\/wp\/v2\/users\/1"}],"replies":[{"embeddable":true,"href":"https:\/\/lactex.pl\/en\/wp-json\/wp\/v2\/comments?post=669"}],"version-history":[{"count":1,"href":"https:\/\/lactex.pl\/en\/wp-json\/wp\/v2\/posts\/669\/revisions"}],"predecessor-version":[{"id":671,"href":"https:\/\/lactex.pl\/en\/wp-json\/wp\/v2\/posts\/669\/revisions\/671"}],"wp:featuredmedia":[{"embeddable":true,"href":"https:\/\/lactex.pl\/en\/wp-json\/wp\/v2\/media\/670"}],"wp:attachment":[{"href":"https:\/\/lactex.pl\/en\/wp-json\/wp\/v2\/media?parent=669"}],"wp:term":[{"taxonomy":"category","embeddable":true,"href":"https:\/\/lactex.pl\/en\/wp-json\/wp\/v2\/categories?post=669"},{"taxonomy":"post_tag","embeddable":true,"href":"https:\/\/lactex.pl\/en\/wp-json\/wp\/v2\/tags?post=669"}],"curies":[{"name":"wp","href":"https:\/\/api.w.org\/{rel}","templated":true}]}}